{"id":306,"date":"2026-02-04T14:44:05","date_gmt":"2026-02-04T14:44:05","guid":{"rendered":"https:\/\/blog.ciatran.com.co\/?p=306"},"modified":"2026-02-04T14:44:05","modified_gmt":"2026-02-04T14:44:05","slug":"nueva-rotacion-de-pico-y-placa-en-medellin-2026-dias-placas-y-horarios-oficiales","status":"publish","type":"post","link":"https:\/\/blog.ciatran.com.co\/index.php\/2026\/02\/04\/nueva-rotacion-de-pico-y-placa-en-medellin-2026-dias-placas-y-horarios-oficiales\/","title":{"rendered":"Nueva rotaci\u00f3n de Pico y Placa en Medell\u00edn 2026: d\u00edas, placas y horarios oficiales"},"content":{"rendered":"\n<hr class=\"wp-block-separator has-alpha-channel-opacity\" style=\"margin-top:var(--wp--preset--spacing--30);margin-bottom:var(--wp--preset--spacing--30)\"\/>\n\n\n<div class=\"wp-block-post-date\"><time datetime=\"2026-02-04T14:44:05+00:00\">febrero 4, 2026<\/time><\/div>\n\n\n<figure class=\"wp-block-image size-large\"><img loading=\"lazy\" decoding=\"async\" width=\"1024\" height=\"768\" src=\"https:\/\/blog.ciatran.com.co\/wp-content\/uploads\/2026\/02\/high-angle-view-traffic-road-city_11zon-1024x768.jpg\" alt=\"\" class=\"wp-image-307\" srcset=\"https:\/\/blog.ciatran.com.co\/wp-content\/uploads\/2026\/02\/high-angle-view-traffic-road-city_11zon-1024x768.jpg 1024w, https:\/\/blog.ciatran.com.co\/wp-content\/uploads\/2026\/02\/high-angle-view-traffic-road-city_11zon-300x225.jpg 300w, https:\/\/blog.ciatran.com.co\/wp-content\/uploads\/2026\/02\/high-angle-view-traffic-road-city_11zon-768x576.jpg 768w, https:\/\/blog.ciatran.com.co\/wp-content\/uploads\/2026\/02\/high-angle-view-traffic-road-city_11zon-1536x1152.jpg 1536w, https:\/\/blog.ciatran.com.co\/wp-content\/uploads\/2026\/02\/high-angle-view-traffic-road-city_11zon-2048x1536.jpg 2048w\" sizes=\"auto, (max-width: 1024px) 100vw, 1024px\" \/><\/figure>\n\n\n\n<ul class=\"wp-block-list\">\n<li>Detalle de c\u00f3mo funciona la nueva rotaci\u00f3n del Pico y Placa para carros y motocicletas en Medell\u00edn y el Valle de Aburr\u00e1 durante el primer semestre de 2026.<\/li>\n<\/ul>\n\n\n\n<ul class=\"wp-block-list\">\n<li>Calendario semanal por \u00faltimo d\u00edgito de placa y horarios oficiales para planificar tus desplazamientos y evitar sanciones de tr\u00e1nsito.<\/li>\n<\/ul>\n\n\n\n<p>El lunes 2 de febrero de 2026 comienza oficialmente la nueva rotaci\u00f3n del Pico y Placa para carros y motocicletas en Medell\u00edn y los municipios del Valle de Aburr\u00e1, medida que estar\u00e1 vigente durante el primer semestre del a\u00f1o, hasta el 31 de julio de 2026. Esta informaci\u00f3n est\u00e1 basada en el comunicado oficial de la Alcald\u00eda de Medell\u00edn.<\/p>\n\n\n\n<p>En Ciatran S.A.S queremos que est\u00e9s preparado para adaptarte a este cambio, evitar sanciones y mover tu veh\u00edculo con inteligencia y responsabilidad.<\/p>\n\n\n\n<p>C\u00f3mo funciona la nueva rotaci\u00f3n (febrero\u2013julio de 2026)<\/p>\n\n\n\n<p>La medida aplica de lunes a viernes, en el horario continuo de 5:00 a.m. a 8:00 p.m. para carros y motos, y en un horario ligeramente distinto para taxis.<\/p>\n\n\n\n<p>Distribuci\u00f3n semanal seg\u00fan el \u00faltimo d\u00edgito de la placa:<\/p>\n\n\n\n<p>D\u00eda de la semana Placas restringidas<\/p>\n\n\n\n<p>Lunes 1 y 7<\/p>\n\n\n\n<p>Martes 0 y 3<\/p>\n\n\n\n<p>Mi\u00e9rcoles 4 y 6<\/p>\n\n\n\n<p>Jueves 5 y 9<\/p>\n\n\n\n<p>Viernes 2 y 8<\/p>\n\n\n\n<p>Esta rotaci\u00f3n aplica tanto para carros particulares como para motocicletas, incluidos mototriciclos, tricimotos y ciclomotores.<\/p>\n\n\n\n<p>\u00bfY los taxis?<\/p>\n\n\n\n<p>Los veh\u00edculos de servicio p\u00fablico (taxis) tambi\u00e9n est\u00e1n regulados, pero con una rotaci\u00f3n diferenciada por quincena y por mes, seg\u00fan el \u00faltimo d\u00edgito de placa, con horario de 6:00 a.m. a 8:00 p.m.<\/p>\n\n\n\n<p>En Ciatran S.A.S siempre estamos atentos a cambios en normativa vial para brindarte informaci\u00f3n precisa.<\/p>\n","protected":false},"excerpt":{"rendered":"<p>El lunes 2 de febrero de 2026 comienza oficialmente la nueva rotaci\u00f3n del Pico y Placa para carros y motocicletas en Medell\u00edn y los municipios del Valle de Aburr\u00e1, medida que estar\u00e1 vigente durante el primer semestre del a\u00f1o, hasta el 31 de julio de 2026. Esta informaci\u00f3n est\u00e1 basada en el comunicado oficial de [&hellip;]<\/p>\n","protected":false},"author":2,"featured_media":307,"comment_status":"closed","ping_status":"","sticky":false,"template":"","format":"standard","meta":{"footnotes":""},"categories":[1],"tags":[121,124,116,118,122,115,119,123,117,120],"class_list":["post-306","post","type-post","status-publish","format-standard","has-post-thumbnail","hentry","category-uncategorized","tag-calendario-pico-y-placa-medellin","tag-horario-pico-y-placa-medellin","tag-nueva-rotacion-pico-y-placa-medellin","tag-pico-y-placa-carros-medellin","tag-pico-y-placa-febrero-2026-medellin","tag-pico-y-placa-medellin-2026","tag-pico-y-placa-motos-medelli","tag-pico-y-placa-primer-semestre-202","tag-pico-y-placa-valle-de-aburra-2026","tag-restriccion-vehicular-medellin"],"_links":{"self":[{"href":"https:\/\/blog.ciatran.com.co\/index.php\/wp-json\/wp\/v2\/posts\/306","targetHints":{"allow":["GET"]}}],"collection":[{"href":"https:\/\/blog.ciatran.com.co\/index.php\/wp-json\/wp\/v2\/posts"}],"about":[{"href":"https:\/\/blog.ciatran.com.co\/index.php\/wp-json\/wp\/v2\/types\/post"}],"author":[{"embeddable":true,"href":"https:\/\/blog.ciatran.com.co\/index.php\/wp-json\/wp\/v2\/users\/2"}],"replies":[{"embeddable":true,"href":"https:\/\/blog.ciatran.com.co\/index.php\/wp-json\/wp\/v2\/comments?post=306"}],"version-history":[{"count":1,"href":"https:\/\/blog.ciatran.com.co\/index.php\/wp-json\/wp\/v2\/posts\/306\/revisions"}],"predecessor-version":[{"id":308,"href":"https:\/\/blog.ciatran.com.co\/index.php\/wp-json\/wp\/v2\/posts\/306\/revisions\/308"}],"wp:featuredmedia":[{"embeddable":true,"href":"https:\/\/blog.ciatran.com.co\/index.php\/wp-json\/wp\/v2\/media\/307"}],"wp:attachment":[{"href":"https:\/\/blog.ciatran.com.co\/index.php\/wp-json\/wp\/v2\/media?parent=306"}],"wp:term":[{"taxonomy":"category","embeddable":true,"href":"https:\/\/blog.ciatran.com.co\/index.php\/wp-json\/wp\/v2\/categories?post=306"},{"taxonomy":"post_tag","embeddable":true,"href":"https:\/\/blog.ciatran.com.co\/index.php\/wp-json\/wp\/v2\/tags?post=306"}],"curies":[{"name":"wp","href":"https:\/\/api.w.org\/{rel}","templated":true}]}}