{"id":270,"date":"2025-12-11T12:18:00","date_gmt":"2025-12-11T12:18:00","guid":{"rendered":"https:\/\/blog.ciatran.com.co\/?p=270"},"modified":"2025-12-11T15:10:02","modified_gmt":"2025-12-11T15:10:02","slug":"bogota-levanta-el-pico-y-placa-el-26-de-diciembre-y-2-de-enero-detalles-y-regulaciones","status":"publish","type":"post","link":"https:\/\/blog.ciatran.com.co\/index.php\/2025\/12\/11\/bogota-levanta-el-pico-y-placa-el-26-de-diciembre-y-2-de-enero-detalles-y-regulaciones\/","title":{"rendered":"Bogot\u00e1 levanta el Pico y Placa el 26 de diciembre y 2 de enero: detalles y regulaciones"},"content":{"rendered":"\n<hr class=\"wp-block-separator has-alpha-channel-opacity\" style=\"margin-top:var(--wp--preset--spacing--30);margin-bottom:var(--wp--preset--spacing--30)\"\/>\n\n\n<div class=\"wp-block-post-date\"><time datetime=\"2025-12-11T12:18:00+00:00\">diciembre 11, 2025<\/time><\/div>\n\n\n<figure class=\"wp-block-image size-large\"><img loading=\"lazy\" decoding=\"async\" width=\"684\" height=\"1024\" src=\"https:\/\/blog.ciatran.com.co\/wp-content\/uploads\/2025\/12\/Blog-5-684x1024.png\" alt=\"\" class=\"wp-image-271\" srcset=\"https:\/\/blog.ciatran.com.co\/wp-content\/uploads\/2025\/12\/Blog-5-684x1024.png 684w, https:\/\/blog.ciatran.com.co\/wp-content\/uploads\/2025\/12\/Blog-5-200x300.png 200w, https:\/\/blog.ciatran.com.co\/wp-content\/uploads\/2025\/12\/Blog-5-768x1150.png 768w, https:\/\/blog.ciatran.com.co\/wp-content\/uploads\/2025\/12\/Blog-5-1025x1536.png 1025w, https:\/\/blog.ciatran.com.co\/wp-content\/uploads\/2025\/12\/Blog-5.png 1179w\" sizes=\"auto, (max-width: 684px) 100vw, 684px\" \/><\/figure>\n\n\n\n<ul class=\"wp-block-list\">\n<li><em>Bogot\u00e1 levantar\u00e1 la restricci\u00f3n de Pico y Placa el 26 de diciembre y el 2 de enero para aliviar la congesti\u00f3n vehicular t\u00edpica de la temporada navide\u00f1a y facilitar los desplazamientos intermunicipales.<\/em><\/li>\n<\/ul>\n\n\n\n<ul class=\"wp-block-list\">\n<li><em>La suspensi\u00f3n aplica \u00fanicamente para veh\u00edculos particulares; el resto de la medida, incluido el Pico y Placa Regional, continuar\u00e1 operando con normalidad, por lo que se recomienda verificar horarios y regulaciones antes de viajar.<\/em><\/li>\n<\/ul>\n\n\n\n<p>La Alcald\u00eda Mayor de Bogot\u00e1 anunci\u00f3 que los d\u00edas <strong>26 de diciembre de 2025<\/strong> y <strong>2 de enero de 2026<\/strong> no se aplicar\u00e1 la medida de <strong>Pico y Placa<\/strong> para veh\u00edculos particulares. Esta decisi\u00f3n se tom\u00f3 con el fin de facilitar la movilidad durante la temporada de fin de a\u00f1o, una \u00e9poca en la que aumenta significativamente el flujo vehicular en la ciudad.<\/p>\n\n\n\n<p>En Ciatran consideramos fundamental mantener informados a los conductores y ciudadanos, de manera que puedan planear sus desplazamientos de forma responsable y evitar contratiempos.<\/p>\n\n\n\n<p><strong>\u00bfCu\u00e1l es la raz\u00f3n de esta decisi\u00f3n?<\/strong><\/p>\n\n\n\n<p>De acuerdo con la informaci\u00f3n publicada por la Alcald\u00eda de Bogot\u00e1 y medios nacionales, la suspensi\u00f3n temporal de la restricci\u00f3n responde a:<\/p>\n\n\n\n<p><strong>1. Incremento del tr\u00e1fico en temporada festiva<\/strong><\/p>\n\n\n\n<p>Durante Navidad y A\u00f1o Nuevo, la ciudad presenta mayor movilidad por viajes familiares, actividades laborales y retornos. Permitir la circulaci\u00f3n libre en estas dos fechas reduce la congesti\u00f3n en corredores principales.<\/p>\n\n\n\n<p><strong>2. Facilitar la salida e ingreso de viajeros<\/strong><\/p>\n\n\n\n<p>Estas fechas coinciden con los d\u00edas de mayor desplazamiento hacia municipios cercanos y regiones del pa\u00eds. La medida busca hacer m\u00e1s eficiente el tr\u00e1nsito para quienes viajan.<\/p>\n\n\n\n<p><strong>3. Garantizar orden y seguridad en la movilidad<\/strong><\/p>\n\n\n\n<p>El Distrito indic\u00f3 que, a pesar de las obras viales en ejecuci\u00f3n, liberar la restricci\u00f3n en estas fechas no afecta de manera negativa la movilidad general.<\/p>\n\n\n\n<p><strong>\u00bfC\u00f3mo queda el Pico y Placa el resto del mes?<\/strong><\/p>\n\n\n\n<p>Es importante que los conductores tengan claridad sobre el funcionamiento de la medida:<\/p>\n\n\n\n<ul class=\"wp-block-list\">\n<li>El <strong>Pico y Placa se mantiene sin cambios<\/strong> en todos los d\u00edas no incluidos en esta excepci\u00f3n.<\/li>\n\n\n\n<li>En festivos o retornos de puente, contin\u00faa aplicando el <strong>Pico y Placa Regional<\/strong>, dise\u00f1ado para regular el ingreso a la ciudad.<\/li>\n\n\n\n<li>La suspensi\u00f3n del 26 de diciembre y 2 de enero <strong>aplica \u00fanicamente para veh\u00edculos particulares<\/strong>.<\/li>\n<\/ul>\n\n\n\n<p><strong>Recomendaciones para los conductores<\/strong><\/p>\n\n\n\n<p>Con el fin de promover una movilidad segura y responsable:<\/p>\n\n\n\n<ul class=\"wp-block-list\">\n<li>Planifique sus desplazamientos con anticipaci\u00f3n.<\/li>\n\n\n\n<li>Verifique el estado de su veh\u00edculo antes de viajar.<\/li>\n\n\n\n<li>Consulte fuentes oficiales para confirmar horarios y regulaciones vigentes.<\/li>\n\n\n\n<li>Recuerde que el respeto por las normas de tr\u00e1nsito contribuye a la seguridad de todos.<\/li>\n<\/ul>\n\n\n\n<p>La decisi\u00f3n del Distrito de suspender el Pico y Placa el 26 de diciembre y el 2 de enero busca favorecer la movilidad en d\u00edas de alta demanda. Nuestro prop\u00f3sito es ofrecerte orientaci\u00f3n clara, formaci\u00f3n responsable y un servicio confiable para que puedas cumplir con la normativa de manera sencilla y oportuna.<\/p>\n\n\n\n<p>Trabajamos d\u00eda a d\u00eda para brindarte informaci\u00f3n actualizada, apoyo en tus tr\u00e1mites y una experiencia que te permita continuar en la v\u00eda con tranquilidad y conocimiento.<\/p>\n\n\n\n<p><strong>Ciatran: educaci\u00f3n, cumplimiento y respaldo para tu movilidad.<\/strong><\/p>\n","protected":false},"excerpt":{"rendered":"<p>La Alcald\u00eda Mayor de Bogot\u00e1 anunci\u00f3 que los d\u00edas 26 de diciembre de 2025 y 2 de enero de 2026 no se aplicar\u00e1 la medida de Pico y Placa para veh\u00edculos particulares. Esta decisi\u00f3n se tom\u00f3 con el fin de facilitar la movilidad durante la temporada de fin de a\u00f1o, una \u00e9poca en la que [&hellip;]<\/p>\n","protected":false},"author":2,"featured_media":273,"comment_status":"closed","ping_status":"","sticky":false,"template":"","format":"standard","meta":{"footnotes":""},"categories":[6],"tags":[36,15,66,65,27,64],"class_list":["post-270","post","type-post","status-publish","format-standard","has-post-thumbnail","hentry","category-noticiatran","tag-bogota","tag-ciatran","tag-conductores","tag-educacion-vial","tag-movilidad","tag-normatividad"],"_links":{"self":[{"href":"https:\/\/blog.ciatran.com.co\/index.php\/wp-json\/wp\/v2\/posts\/270","targetHints":{"allow":["GET"]}}],"collection":[{"href":"https:\/\/blog.ciatran.com.co\/index.php\/wp-json\/wp\/v2\/posts"}],"about":[{"href":"https:\/\/blog.ciatran.com.co\/index.php\/wp-json\/wp\/v2\/types\/post"}],"author":[{"embeddable":true,"href":"https:\/\/blog.ciatran.com.co\/index.php\/wp-json\/wp\/v2\/users\/2"}],"replies":[{"embeddable":true,"href":"https:\/\/blog.ciatran.com.co\/index.php\/wp-json\/wp\/v2\/comments?post=270"}],"version-history":[{"count":2,"href":"https:\/\/blog.ciatran.com.co\/index.php\/wp-json\/wp\/v2\/posts\/270\/revisions"}],"predecessor-version":[{"id":274,"href":"https:\/\/blog.ciatran.com.co\/index.php\/wp-json\/wp\/v2\/posts\/270\/revisions\/274"}],"wp:featuredmedia":[{"embeddable":true,"href":"https:\/\/blog.ciatran.com.co\/index.php\/wp-json\/wp\/v2\/media\/273"}],"wp:attachment":[{"href":"https:\/\/blog.ciatran.com.co\/index.php\/wp-json\/wp\/v2\/media?parent=270"}],"wp:term":[{"taxonomy":"category","embeddable":true,"href":"https:\/\/blog.ciatran.com.co\/index.php\/wp-json\/wp\/v2\/categories?post=270"},{"taxonomy":"post_tag","embeddable":true,"href":"https:\/\/blog.ciatran.com.co\/index.php\/wp-json\/wp\/v2\/tags?post=270"}],"curies":[{"name":"wp","href":"https:\/\/api.w.org\/{rel}","templated":true}]}}